{"id":8577,"date":"2023-03-24T09:38:31","date_gmt":"2023-03-24T08:38:31","guid":{"rendered":"https:\/\/kipi.pl\/?p=8577"},"modified":"2023-06-02T09:09:53","modified_gmt":"2023-06-02T07:09:53","slug":"targi-ish-2023-frankfurt","status":"publish","type":"post","link":"https:\/\/kipi.pl\/en\/targi-ish-2023-frankfurt\/","title":{"rendered":"Targi ISH 2023 Frankfurt"},"content":{"rendered":"<div data-elementor-type=\"wp-post\" data-elementor-id=\"8577\" class=\"elementor elementor-8577\" data-elementor-post-type=\"post\">\n\t\t\t\t\t\t<section class=\"elementor-section elementor-top-section elementor-element elementor-element-77f9bf8c elementor-section-boxed elementor-section-height-default elementor-section-height-default\" data-id=\"77f9bf8c\" data-element_type=\"section\" data-settings=\"{&quot;jet_parallax_layout_list&quot;:[]}\">\n\t\t\t\t\t\t<div class=\"elementor-container elementor-column-gap-default\">\n\t\t\t\t\t<div class=\"elementor-column elementor-col-100 elementor-top-column elementor-element elementor-element-1e497b33\" data-id=\"1e497b33\" data-element_type=\"column\">\n\t\t\t<div class=\"elementor-widget-wrap elementor-element-populated\">\n\t\t\t\t\t\t<div class=\"elementor-element elementor-element-39285fb6 elementor-widget elementor-widget-text-editor\" data-id=\"39285fb6\" data-element_type=\"widget\" data-widget_type=\"text-editor.default\">\n\t\t\t\t<div class=\"elementor-widget-container\">\n\t\t\t\t\t\t\t\t\t<p>Targi, kt\u00f3re odbywa\u0142y si\u0119 <b>we Frankfurcie<\/b> by\u0142y pierwszym takim wydarzeniem w 2023 roku, w kt\u00f3rym brali\u015bmy udzia\u0142. Znane i popularne w bran\u017cy targi to jedne z najwi\u0119kszych w naszej cz\u0119\u015bci Europy. <b>ISH 2023<\/b> by\u0142y dla nas wyzwaniem \u2013 szczeg\u00f3lnie pod k\u0105tem <b>prezentacji naszych nowych produkt\u00f3w<\/b>, kt\u00f3re w\u0142a\u015bnie podczas tego eventu mia\u0142y swoj\u0105 <b>premier\u0119<\/b> \u2013 walka z czasem, aby ze wszystkim zd\u0105\u017cy\u0107 trwa\u0142a do samego ko\u0144ca. Ze szcz\u0119\u015bliwym zako\u0144czeniem.<\/p>\n<p><u>Swoj\u0105 premier\u0119 mia\u0142y produkty:<\/u><\/p>\n<ul>\n<li><b>nagrzewnica VENTURA MOBILE<\/b><\/li>\n<li><b>HYDROBOX VELOX<\/b><\/li>\n<\/ul>\n<p><span style=\"color: var( --e-global-color-text ); font-family: var( --e-global-typography-text-font-family ), Sans-serif; font-weight: var( --e-global-typography-text-font-weight );\">Dwa unikatowe urz\u0105dzenia, kt\u00f3re s\u0105 bezpo\u015bredni\u0105 odpowiedzi\u0105 na potrzeby rynku. <\/span><span style=\"color: var( --e-global-color-text ); font-family: var( --e-global-typography-text-font-family ), Sans-serif;\"><b>Nagrzewnica VENTURA MOBILE<\/b><\/span><span style=\"color: var( --e-global-color-text ); font-family: var( --e-global-typography-text-font-family ), Sans-serif; font-weight: var( --e-global-typography-text-font-weight );\"> to produkt, kt\u00f3ry spe\u0142nia wszelkie normy zwi\u0105zane z ogrzewaniem zamkni\u0119tych pomieszcze\u0144 ekologicznymi \u017ar\u00f3d\u0142ami ciep\u0142a. Nagrzewnica spala zar\u00f3wno pellet, ale r\u00f3wnie\u017c mieszanki owsa, pestek dyni, pestek wi\u015bni czy ziaren s\u0142onecznika \u2013 oczywi\u015bcie paliwa bio musz\u0105 by\u0107 odpowiednio mieszane z g\u0142\u00f3wnym paliwem jakim jest pellet. Jest to rozwi\u0105zanie oszcz\u0119dne (w kwestii koszt\u00f3w \u2013 w bezpo\u015brednim por\u00f3wnaniu z urz\u0105dzeniami spalaj\u0105cymi drewno, w\u0119giel czy zasilanymi przez gaz), ale tak\u017ce mobilne. Mo\u017cemy ustawi\u0107 je poza miejscem, kt\u00f3re b\u0119dzie ogrzewane \u2013 nie ma konieczno\u015bci, aby nagrzewnica sta\u0142a wewn\u0105trz pomieszczenia.<\/span><\/p>\n<p><b>Hydrobox VELOX<\/b> to nowoczesny modu\u0142 hydrauliczny, kt\u00f3ry pozwala na bezproblemowe oraz szybkie pod\u0142\u0105czenie, instalacj\u0119 oraz uruchomienie pompy ciep\u0142a. Jego kompaktowe wymiary pozwalaj\u0105 na bezpo\u015brednie umieszczenie go na \u015bcianie, np. kot\u0142owni, a innowacyjny system funkcjonowania zapewnia komfort u\u017cytkowania r\u00f3wnie\u017c dla klienta ko\u0144cowego.<\/p>\n<p><b>Targi ISH 2023<\/b> pozwoli\u0142y nam na wymian\u0119 cennych do\u015bwiadcze\u0144 z klientami oraz partnerami, z rynk\u00f3w w ca\u0142ej Europie. Zgromadzili\u015bmy spor\u0105 baz\u0119 kontakt\u00f3w, kt\u00f3re w przysz\u0142o\u015bci przekute zostan\u0105 na owocn\u0105 wsp\u00f3\u0142prac\u0119. Sp\u0119dzili\u015bmy setki godzin na rozmowach i prezentacjach naszych produktach oraz us\u0142ugach. Nasi handlowcy mieli pe\u0142ne r\u0119ce pracy, z kt\u00f3rej wywi\u0105zali si\u0119 brawurowo. Z niecierpliwo\u015bci\u0105 czekamy, aby za rok zn\u00f3w spotka\u0107 si\u0119 we Frankfurcie. Mo\u017ce zn\u00f3w poka\u017cemy co\u015b nowego?!<\/p>\t\t\t\t\t\t\t\t<\/div>\n\t\t\t\t<\/div>\n\t\t\t\t\t<\/div>\n\t\t<\/div>\n\t\t\t\t\t<\/div>\n\t\t<\/section>\n\t\t\t\t<section class=\"elementor-section elementor-top-section elementor-element elementor-element-417bc76 elementor-section-boxed elementor-section-height-default elementor-section-height-default\" data-id=\"417bc76\" data-element_type=\"section\" data-settings=\"{&quot;jet_parallax_layout_list&quot;:[]}\">\n\t\t\t\t\t\t<div class=\"elementor-container elementor-column-gap-default\">\n\t\t\t\t\t<div class=\"elementor-column elementor-col-100 elementor-top-column elementor-element elementor-element-0975770\" data-id=\"0975770\" data-element_type=\"column\">\n\t\t\t<div class=\"elementor-widget-wrap elementor-element-populated\">\n\t\t\t\t\t\t<div class=\"elementor-element elementor-element-b449d78 elementor-widget elementor-widget-image\" data-id=\"b449d78\" data-element_type=\"widget\" data-widget_type=\"image.default\">\n\t\t\t\t<div class=\"elementor-widget-container\">\n\t\t\t\t\t\t\t\t\t\t\t\t\t\t\t<img fetchpriority=\"high\" decoding=\"async\" width=\"800\" height=\"600\" src=\"https:\/\/kipi.pl\/wp-content\/uploads\/2023\/04\/1679660077866-1024x768.jpg\" class=\"attachment-large size-large wp-image-8581\" alt=\"\" srcset=\"https:\/\/kipi.pl\/wp-content\/uploads\/2023\/04\/1679660077866-1024x768.jpg 1024w, https:\/\/kipi.pl\/wp-content\/uploads\/2023\/04\/1679660077866-300x225.jpg 300w, https:\/\/kipi.pl\/wp-content\/uploads\/2023\/04\/1679660077866-768x576.jpg 768w, https:\/\/kipi.pl\/wp-content\/uploads\/2023\/04\/1679660077866-1536x1152.jpg 1536w, https:\/\/kipi.pl\/wp-content\/uploads\/2023\/04\/1679660077866-16x12.jpg 16w, https:\/\/kipi.pl\/wp-content\/uploads\/2023\/04\/1679660077866.jpg 2040w\" sizes=\"(max-width: 800px) 100vw, 800px\" \/>\t\t\t\t\t\t\t\t\t\t\t\t\t\t\t<\/div>\n\t\t\t\t<\/div>\n\t\t\t\t\t<\/div>\n\t\t<\/div>\n\t\t\t\t\t<\/div>\n\t\t<\/section>\n\t\t\t\t<section class=\"elementor-section elementor-top-section elementor-element elementor-element-b5a6fda elementor-section-boxed elementor-section-height-default elementor-section-height-default\" data-id=\"b5a6fda\" data-element_type=\"section\" data-settings=\"{&quot;jet_parallax_layout_list&quot;:[]}\">\n\t\t\t\t\t\t<div class=\"elementor-container elementor-column-gap-default\">\n\t\t\t\t\t<div class=\"elementor-column elementor-col-100 elementor-top-column elementor-element elementor-element-c22f954\" data-id=\"c22f954\" data-element_type=\"column\">\n\t\t\t<div class=\"elementor-widget-wrap elementor-element-populated\">\n\t\t\t\t\t\t<div class=\"elementor-element elementor-element-80da2fc elementor-widget elementor-widget-image\" data-id=\"80da2fc\" data-element_type=\"widget\" data-widget_type=\"image.default\">\n\t\t\t\t<div class=\"elementor-widget-container\">\n\t\t\t\t\t\t\t\t\t\t\t\t\t\t\t<img decoding=\"async\" width=\"800\" height=\"1066\" src=\"https:\/\/kipi.pl\/wp-content\/uploads\/2023\/04\/1679660077882-1024x1365.jpg\" class=\"attachment-large size-large wp-image-8582\" alt=\"\" srcset=\"https:\/\/kipi.pl\/wp-content\/uploads\/2023\/04\/1679660077882-1024x1365.jpg 1024w, https:\/\/kipi.pl\/wp-content\/uploads\/2023\/04\/1679660077882-300x400.jpg 300w, https:\/\/kipi.pl\/wp-content\/uploads\/2023\/04\/1679660077882-768x1024.jpg 768w, https:\/\/kipi.pl\/wp-content\/uploads\/2023\/04\/1679660077882-1152x1536.jpg 1152w, https:\/\/kipi.pl\/wp-content\/uploads\/2023\/04\/1679660077882-9x12.jpg 9w, https:\/\/kipi.pl\/wp-content\/uploads\/2023\/04\/1679660077882.jpg 1200w\" sizes=\"(max-width: 800px) 100vw, 800px\" \/>\t\t\t\t\t\t\t\t\t\t\t\t\t\t\t<\/div>\n\t\t\t\t<\/div>\n\t\t\t\t\t<\/div>\n\t\t<\/div>\n\t\t\t\t\t<\/div>\n\t\t<\/section>\n\t\t\t\t<section class=\"elementor-section elementor-top-section elementor-element elementor-element-c6b175f elementor-section-boxed elementor-section-height-default elementor-section-height-default\" data-id=\"c6b175f\" data-element_type=\"section\" data-settings=\"{&quot;jet_parallax_layout_list&quot;:[]}\">\n\t\t\t\t\t\t<div class=\"elementor-container elementor-column-gap-default\">\n\t\t\t\t\t<div class=\"elementor-column elementor-col-100 elementor-top-column elementor-element elementor-element-c690857\" data-id=\"c690857\" data-element_type=\"column\">\n\t\t\t<div class=\"elementor-widget-wrap elementor-element-populated\">\n\t\t\t\t\t\t<div class=\"elementor-element elementor-element-421ca3e elementor-widget elementor-widget-image\" data-id=\"421ca3e\" data-element_type=\"widget\" data-widget_type=\"image.default\">\n\t\t\t\t<div class=\"elementor-widget-container\">\n\t\t\t\t\t\t\t\t\t\t\t\t\t\t\t<img decoding=\"async\" width=\"800\" height=\"1066\" src=\"https:\/\/kipi.pl\/wp-content\/uploads\/2023\/04\/1679660077823-1024x1365.jpg\" class=\"attachment-large size-large wp-image-8580\" alt=\"\" srcset=\"https:\/\/kipi.pl\/wp-content\/uploads\/2023\/04\/1679660077823-1024x1365.jpg 1024w, https:\/\/kipi.pl\/wp-content\/uploads\/2023\/04\/1679660077823-300x400.jpg 300w, https:\/\/kipi.pl\/wp-content\/uploads\/2023\/04\/1679660077823-768x1024.jpg 768w, https:\/\/kipi.pl\/wp-content\/uploads\/2023\/04\/1679660077823-1152x1536.jpg 1152w, https:\/\/kipi.pl\/wp-content\/uploads\/2023\/04\/1679660077823-9x12.jpg 9w, https:\/\/kipi.pl\/wp-content\/uploads\/2023\/04\/1679660077823.jpg 1200w\" sizes=\"(max-width: 800px) 100vw, 800px\" \/>\t\t\t\t\t\t\t\t\t\t\t\t\t\t\t<\/div>\n\t\t\t\t<\/div>\n\t\t\t\t\t<\/div>\n\t\t<\/div>\n\t\t\t\t\t<\/div>\n\t\t<\/section>\n\t\t\t\t<\/div>","protected":false},"excerpt":{"rendered":"<p>Targi, kt\u00f3re odbywa\u0142y si\u0119 we Frankfurcie by\u0142y pierwszym takim wydarzeniem w 2023 roku, w kt\u00f3rym brali\u015bmy udzia\u0142. Znane i popularne w bran\u017cy targi to jedne z najwi\u0119kszych w naszej cz\u0119\u015bci Europy. ISH 2023 by\u0142y dla nas wyzwaniem \u2013 szczeg\u00f3lnie pod k\u0105tem prezentacji naszych nowych produkt\u00f3w, kt\u00f3re w\u0142a\u015bnie podczas tego eventu mia\u0142y swoj\u0105 premier\u0119 \u2013 walka [&hellip;]<\/p>","protected":false},"author":4,"featured_media":8578,"comment_status":"closed","ping_status":"closed","sticky":false,"template":"","format":"standard","meta":{"_acf_changed":false,"footnotes":""},"categories":[9],"tags":[],"class_list":["post-8577","post","type-post","status-publish","format-standard","has-post-thumbnail","hentry","category-wydarzenia"],"acf":[],"yoast_head":"<!-- This site is optimized with the Yoast SEO plugin v25.5 - https:\/\/yoast.com\/wordpress\/plugins\/seo\/ -->\n<title>Targi ISH 2023 Frankfurt - KIPI<\/title>\n<meta name=\"robots\" content=\"index, follow, max-snippet:-1, max-image-preview:large, max-video-preview:-1\" \/>\n<link rel=\"canonical\" href=\"https:\/\/kipi.pl\/en\/targi-ish-2023-frankfurt\/\" \/>\n<meta property=\"og:locale\" content=\"en_GB\" \/>\n<meta property=\"og:type\" content=\"article\" \/>\n<meta property=\"og:title\" content=\"Targi ISH 2023 Frankfurt - KIPI\" \/>\n<meta property=\"og:description\" content=\"Targi, kt\u00f3re odbywa\u0142y si\u0119 we Frankfurcie by\u0142y pierwszym takim wydarzeniem w 2023 roku, w kt\u00f3rym brali\u015bmy udzia\u0142. Znane i popularne w bran\u017cy targi to jedne z najwi\u0119kszych w naszej cz\u0119\u015bci Europy. ISH 2023 by\u0142y dla nas wyzwaniem \u2013 szczeg\u00f3lnie pod k\u0105tem prezentacji naszych nowych produkt\u00f3w, kt\u00f3re w\u0142a\u015bnie podczas tego eventu mia\u0142y swoj\u0105 premier\u0119 \u2013 walka [&hellip;]\" \/>\n<meta property=\"og:url\" content=\"https:\/\/kipi.pl\/en\/targi-ish-2023-frankfurt\/\" \/>\n<meta property=\"og:site_name\" content=\"KIPI\" \/>\n<meta property=\"article:published_time\" content=\"2023-03-24T08:38:31+00:00\" \/>\n<meta property=\"article:modified_time\" content=\"2023-06-02T07:09:53+00:00\" \/>\n<meta property=\"og:image\" content=\"https:\/\/kipi.pl\/wp-content\/uploads\/2023\/04\/1679660077730-scaled.jpg\" \/>\n\t<meta property=\"og:image:width\" content=\"1538\" \/>\n\t<meta property=\"og:image:height\" content=\"2048\" \/>\n\t<meta property=\"og:image:type\" content=\"image\/jpeg\" \/>\n<meta name=\"author\" content=\"Jakub\" \/>\n<meta name=\"twitter:card\" content=\"summary_large_image\" \/>\n<meta name=\"twitter:label1\" content=\"Written by\" \/>\n\t<meta name=\"twitter:data1\" content=\"Jakub\" \/>\n\t<meta name=\"twitter:label2\" content=\"Estimated reading time\" \/>\n\t<meta name=\"twitter:data2\" content=\"3 minutes\" \/>\n<script type=\"application\/ld+json\" class=\"yoast-schema-graph\">{\"@context\":\"https:\/\/schema.org\",\"@graph\":[{\"@type\":\"Article\",\"@id\":\"https:\/\/kipi.pl\/targi-ish-2023-frankfurt\/#article\",\"isPartOf\":{\"@id\":\"https:\/\/kipi.pl\/targi-ish-2023-frankfurt\/\"},\"author\":{\"name\":\"Jakub\",\"@id\":\"https:\/\/kipi.pl\/#\/schema\/person\/b42f482fc04b4e66b4ff6dd883430ed7\"},\"headline\":\"Targi ISH 2023 Frankfurt\",\"datePublished\":\"2023-03-24T08:38:31+00:00\",\"dateModified\":\"2023-06-02T07:09:53+00:00\",\"mainEntityOfPage\":{\"@id\":\"https:\/\/kipi.pl\/targi-ish-2023-frankfurt\/\"},\"wordCount\":360,\"publisher\":{\"@id\":\"https:\/\/kipi.pl\/#organization\"},\"image\":{\"@id\":\"https:\/\/kipi.pl\/targi-ish-2023-frankfurt\/#primaryimage\"},\"thumbnailUrl\":\"https:\/\/kipi.pl\/wp-content\/uploads\/2023\/04\/1679660077730-scaled.jpg\",\"articleSection\":[\"Wydarzenia\"],\"inLanguage\":\"en-GB\"},{\"@type\":\"WebPage\",\"@id\":\"https:\/\/kipi.pl\/targi-ish-2023-frankfurt\/\",\"url\":\"https:\/\/kipi.pl\/targi-ish-2023-frankfurt\/\",\"name\":\"Targi ISH 2023 Frankfurt - KIPI\",\"isPartOf\":{\"@id\":\"https:\/\/kipi.pl\/#website\"},\"primaryImageOfPage\":{\"@id\":\"https:\/\/kipi.pl\/targi-ish-2023-frankfurt\/#primaryimage\"},\"image\":{\"@id\":\"https:\/\/kipi.pl\/targi-ish-2023-frankfurt\/#primaryimage\"},\"thumbnailUrl\":\"https:\/\/kipi.pl\/wp-content\/uploads\/2023\/04\/1679660077730-scaled.jpg\",\"datePublished\":\"2023-03-24T08:38:31+00:00\",\"dateModified\":\"2023-06-02T07:09:53+00:00\",\"breadcrumb\":{\"@id\":\"https:\/\/kipi.pl\/targi-ish-2023-frankfurt\/#breadcrumb\"},\"inLanguage\":\"en-GB\",\"potentialAction\":[{\"@type\":\"ReadAction\",\"target\":[\"https:\/\/kipi.pl\/targi-ish-2023-frankfurt\/\"]}]},{\"@type\":\"ImageObject\",\"inLanguage\":\"en-GB\",\"@id\":\"https:\/\/kipi.pl\/targi-ish-2023-frankfurt\/#primaryimage\",\"url\":\"https:\/\/kipi.pl\/wp-content\/uploads\/2023\/04\/1679660077730-scaled.jpg\",\"contentUrl\":\"https:\/\/kipi.pl\/wp-content\/uploads\/2023\/04\/1679660077730-scaled.jpg\",\"width\":1538,\"height\":2048},{\"@type\":\"BreadcrumbList\",\"@id\":\"https:\/\/kipi.pl\/targi-ish-2023-frankfurt\/#breadcrumb\",\"itemListElement\":[{\"@type\":\"ListItem\",\"position\":1,\"name\":\"Strona g\u0142\u00f3wna\",\"item\":\"https:\/\/kipi.pl\/\"},{\"@type\":\"ListItem\",\"position\":2,\"name\":\"Aktualno\u015bci\",\"item\":\"https:\/\/kipi.pl\/kategoria\/aktualnosci\/\"},{\"@type\":\"ListItem\",\"position\":3,\"name\":\"Wydarzenia\",\"item\":\"https:\/\/kipi.pl\/kategoria\/aktualnosci\/wydarzenia\/\"},{\"@type\":\"ListItem\",\"position\":4,\"name\":\"Targi ISH 2023 Frankfurt\"}]},{\"@type\":\"WebSite\",\"@id\":\"https:\/\/kipi.pl\/#website\",\"url\":\"https:\/\/kipi.pl\/\",\"name\":\"KIPI\",\"description\":\"Tworzymy innowacyjne palniki na pellet dla ciep\u0142a i komfortu w Twoim domu.\",\"publisher\":{\"@id\":\"https:\/\/kipi.pl\/#organization\"},\"potentialAction\":[{\"@type\":\"SearchAction\",\"target\":{\"@type\":\"EntryPoint\",\"urlTemplate\":\"https:\/\/kipi.pl\/?s={search_term_string}\"},\"query-input\":{\"@type\":\"PropertyValueSpecification\",\"valueRequired\":true,\"valueName\":\"search_term_string\"}}],\"inLanguage\":\"en-GB\"},{\"@type\":\"Organization\",\"@id\":\"https:\/\/kipi.pl\/#organization\",\"name\":\"KIPI\",\"url\":\"https:\/\/kipi.pl\/\",\"logo\":{\"@type\":\"ImageObject\",\"inLanguage\":\"en-GB\",\"@id\":\"https:\/\/kipi.pl\/#\/schema\/logo\/image\/\",\"url\":\"https:\/\/kipi.pl\/wp-content\/uploads\/2020\/02\/logo-kipi-2020-1.png\",\"contentUrl\":\"https:\/\/kipi.pl\/wp-content\/uploads\/2020\/02\/logo-kipi-2020-1.png\",\"width\":300,\"height\":64,\"caption\":\"KIPI\"},\"image\":{\"@id\":\"https:\/\/kipi.pl\/#\/schema\/logo\/image\/\"}},{\"@type\":\"Person\",\"@id\":\"https:\/\/kipi.pl\/#\/schema\/person\/b42f482fc04b4e66b4ff6dd883430ed7\",\"name\":\"Jakub\",\"image\":{\"@type\":\"ImageObject\",\"inLanguage\":\"en-GB\",\"@id\":\"https:\/\/kipi.pl\/#\/schema\/person\/image\/\",\"url\":\"https:\/\/secure.gravatar.com\/avatar\/fecaffb02d311322ff4fcbdb8b34883cc27aa9218075d4b00219906c19d9fab3?s=96&d=mm&r=g\",\"contentUrl\":\"https:\/\/secure.gravatar.com\/avatar\/fecaffb02d311322ff4fcbdb8b34883cc27aa9218075d4b00219906c19d9fab3?s=96&d=mm&r=g\",\"caption\":\"Jakub\"},\"url\":\"https:\/\/kipi.pl\/en\/author\/pawel\/\"}]}<\/script>\n<!-- \/ Yoast SEO plugin. -->","yoast_head_json":{"title":"Targi ISH 2023 Frankfurt - KIPI","robots":{"index":"index","follow":"follow","max-snippet":"max-snippet:-1","max-image-preview":"max-image-preview:large","max-video-preview":"max-video-preview:-1"},"canonical":"https:\/\/kipi.pl\/en\/targi-ish-2023-frankfurt\/","og_locale":"en_GB","og_type":"article","og_title":"Targi ISH 2023 Frankfurt - KIPI","og_description":"Targi, kt\u00f3re odbywa\u0142y si\u0119 we Frankfurcie by\u0142y pierwszym takim wydarzeniem w 2023 roku, w kt\u00f3rym brali\u015bmy udzia\u0142. Znane i popularne w bran\u017cy targi to jedne z najwi\u0119kszych w naszej cz\u0119\u015bci Europy. ISH 2023 by\u0142y dla nas wyzwaniem \u2013 szczeg\u00f3lnie pod k\u0105tem prezentacji naszych nowych produkt\u00f3w, kt\u00f3re w\u0142a\u015bnie podczas tego eventu mia\u0142y swoj\u0105 premier\u0119 \u2013 walka [&hellip;]","og_url":"https:\/\/kipi.pl\/en\/targi-ish-2023-frankfurt\/","og_site_name":"KIPI","article_published_time":"2023-03-24T08:38:31+00:00","article_modified_time":"2023-06-02T07:09:53+00:00","og_image":[{"width":1538,"height":2048,"url":"https:\/\/kipi.pl\/wp-content\/uploads\/2023\/04\/1679660077730-scaled.jpg","type":"image\/jpeg"}],"author":"Jakub","twitter_card":"summary_large_image","twitter_misc":{"Written by":"Jakub","Estimated reading time":"3 minutes"},"schema":{"@context":"https:\/\/schema.org","@graph":[{"@type":"Article","@id":"https:\/\/kipi.pl\/targi-ish-2023-frankfurt\/#article","isPartOf":{"@id":"https:\/\/kipi.pl\/targi-ish-2023-frankfurt\/"},"author":{"name":"Jakub","@id":"https:\/\/kipi.pl\/#\/schema\/person\/b42f482fc04b4e66b4ff6dd883430ed7"},"headline":"Targi ISH 2023 Frankfurt","datePublished":"2023-03-24T08:38:31+00:00","dateModified":"2023-06-02T07:09:53+00:00","mainEntityOfPage":{"@id":"https:\/\/kipi.pl\/targi-ish-2023-frankfurt\/"},"wordCount":360,"publisher":{"@id":"https:\/\/kipi.pl\/#organization"},"image":{"@id":"https:\/\/kipi.pl\/targi-ish-2023-frankfurt\/#primaryimage"},"thumbnailUrl":"https:\/\/kipi.pl\/wp-content\/uploads\/2023\/04\/1679660077730-scaled.jpg","articleSection":["Wydarzenia"],"inLanguage":"en-GB"},{"@type":"WebPage","@id":"https:\/\/kipi.pl\/targi-ish-2023-frankfurt\/","url":"https:\/\/kipi.pl\/targi-ish-2023-frankfurt\/","name":"Targi ISH 2023 Frankfurt - KIPI","isPartOf":{"@id":"https:\/\/kipi.pl\/#website"},"primaryImageOfPage":{"@id":"https:\/\/kipi.pl\/targi-ish-2023-frankfurt\/#primaryimage"},"image":{"@id":"https:\/\/kipi.pl\/targi-ish-2023-frankfurt\/#primaryimage"},"thumbnailUrl":"https:\/\/kipi.pl\/wp-content\/uploads\/2023\/04\/1679660077730-scaled.jpg","datePublished":"2023-03-24T08:38:31+00:00","dateModified":"2023-06-02T07:09:53+00:00","breadcrumb":{"@id":"https:\/\/kipi.pl\/targi-ish-2023-frankfurt\/#breadcrumb"},"inLanguage":"en-GB","potentialAction":[{"@type":"ReadAction","target":["https:\/\/kipi.pl\/targi-ish-2023-frankfurt\/"]}]},{"@type":"ImageObject","inLanguage":"en-GB","@id":"https:\/\/kipi.pl\/targi-ish-2023-frankfurt\/#primaryimage","url":"https:\/\/kipi.pl\/wp-content\/uploads\/2023\/04\/1679660077730-scaled.jpg","contentUrl":"https:\/\/kipi.pl\/wp-content\/uploads\/2023\/04\/1679660077730-scaled.jpg","width":1538,"height":2048},{"@type":"BreadcrumbList","@id":"https:\/\/kipi.pl\/targi-ish-2023-frankfurt\/#breadcrumb","itemListElement":[{"@type":"ListItem","position":1,"name":"Strona g\u0142\u00f3wna","item":"https:\/\/kipi.pl\/"},{"@type":"ListItem","position":2,"name":"Aktualno\u015bci","item":"https:\/\/kipi.pl\/kategoria\/aktualnosci\/"},{"@type":"ListItem","position":3,"name":"Wydarzenia","item":"https:\/\/kipi.pl\/kategoria\/aktualnosci\/wydarzenia\/"},{"@type":"ListItem","position":4,"name":"Targi ISH 2023 Frankfurt"}]},{"@type":"WebSite","@id":"https:\/\/kipi.pl\/#website","url":"https:\/\/kipi.pl\/","name":"KIPI","description":"Tworzymy innowacyjne palniki na pellet dla ciep\u0142a i komfortu w Twoim domu.","publisher":{"@id":"https:\/\/kipi.pl\/#organization"},"potentialAction":[{"@type":"SearchAction","target":{"@type":"EntryPoint","urlTemplate":"https:\/\/kipi.pl\/?s={search_term_string}"},"query-input":{"@type":"PropertyValueSpecification","valueRequired":true,"valueName":"search_term_string"}}],"inLanguage":"en-GB"},{"@type":"Organization","@id":"https:\/\/kipi.pl\/#organization","name":"KIPI","url":"https:\/\/kipi.pl\/","logo":{"@type":"ImageObject","inLanguage":"en-GB","@id":"https:\/\/kipi.pl\/#\/schema\/logo\/image\/","url":"https:\/\/kipi.pl\/wp-content\/uploads\/2020\/02\/logo-kipi-2020-1.png","contentUrl":"https:\/\/kipi.pl\/wp-content\/uploads\/2020\/02\/logo-kipi-2020-1.png","width":300,"height":64,"caption":"KIPI"},"image":{"@id":"https:\/\/kipi.pl\/#\/schema\/logo\/image\/"}},{"@type":"Person","@id":"https:\/\/kipi.pl\/#\/schema\/person\/b42f482fc04b4e66b4ff6dd883430ed7","name":"Jakub","image":{"@type":"ImageObject","inLanguage":"en-GB","@id":"https:\/\/kipi.pl\/#\/schema\/person\/image\/","url":"https:\/\/secure.gravatar.com\/avatar\/fecaffb02d311322ff4fcbdb8b34883cc27aa9218075d4b00219906c19d9fab3?s=96&d=mm&r=g","contentUrl":"https:\/\/secure.gravatar.com\/avatar\/fecaffb02d311322ff4fcbdb8b34883cc27aa9218075d4b00219906c19d9fab3?s=96&d=mm&r=g","caption":"Jakub"},"url":"https:\/\/kipi.pl\/en\/author\/pawel\/"}]}},"_links":{"self":[{"href":"https:\/\/kipi.pl\/en\/wp-json\/wp\/v2\/posts\/8577","targetHints":{"allow":["GET"]}}],"collection":[{"href":"https:\/\/kipi.pl\/en\/wp-json\/wp\/v2\/posts"}],"about":[{"href":"https:\/\/kipi.pl\/en\/wp-json\/wp\/v2\/types\/post"}],"author":[{"embeddable":true,"href":"https:\/\/kipi.pl\/en\/wp-json\/wp\/v2\/users\/4"}],"replies":[{"embeddable":true,"href":"https:\/\/kipi.pl\/en\/wp-json\/wp\/v2\/comments?post=8577"}],"version-history":[{"count":0,"href":"https:\/\/kipi.pl\/en\/wp-json\/wp\/v2\/posts\/8577\/revisions"}],"wp:featuredmedia":[{"embeddable":true,"href":"https:\/\/kipi.pl\/en\/wp-json\/wp\/v2\/media\/8578"}],"wp:attachment":[{"href":"https:\/\/kipi.pl\/en\/wp-json\/wp\/v2\/media?parent=8577"}],"wp:term":[{"taxonomy":"category","embeddable":true,"href":"https:\/\/kipi.pl\/en\/wp-json\/wp\/v2\/categories?post=8577"},{"taxonomy":"post_tag","embeddable":true,"href":"https:\/\/kipi.pl\/en\/wp-json\/wp\/v2\/tags?post=8577"}],"curies":[{"name":"wp","href":"https:\/\/api.w.org\/{rel}","templated":true}]}}